{"id":2474,"date":"2020-03-02T15:06:46","date_gmt":"2020-03-02T15:06:46","guid":{"rendered":"https:\/\/erosgustavo.com.br\/?p=2474"},"modified":"2020-03-03T20:29:16","modified_gmt":"2020-03-03T20:29:16","slug":"aulas-de-danca","status":"publish","type":"post","link":"https:\/\/erosgustavo.com.br\/?p=2474","title":{"rendered":"Aulas de Dan\u00e7as"},"content":{"rendered":"<p>O\u00a0<strong>Ballet<\/strong>\/<strong>Jazz <\/strong>exige muita concentra\u00e7\u00e3o, coordena\u00e7\u00e3o e equil\u00edbrio, al\u00e9m disso, desenvolve o bem-estar f\u00edsico e mental,\u00a0pois n\u00e3o \u00e9 s\u00f3 uma\u00a0<strong>atividade f\u00edsica<\/strong>\u00a0comum e sim prazerosa. Envolve estimula\u00e7\u00e3o corporal, m\u00fasica e muita divers\u00e3o.<\/p>\n<p>Trabalhamos atividades aer\u00f3bicas, com\u00a0resultados de for\u00e7a, flexibilidade, desempenho, f\u00edsico e emocional, como tamb\u00e9m, a socializa\u00e7\u00e3o, e qualidade de vida, que contribuem na forma\u00e7\u00e3o da crian\u00e7a e do adolescente.<\/p>\n<p>Convidamos a todas as alunas para fazerem parte das aulas de Dan\u00e7a (Ballet\/Jazz), a qual as atividades iniciar\u00e3o em MAR\u00c7O.<\/p>\n<hr \/>\n<p><a href=\"https:\/\/erosgustavo.com.br\/aulas-de-danca\/amanda1\/\" rel=\"attachment wp-att-2507\"><img fetchpriority=\"high\" decoding=\"async\" class=\"alignleft size-medium wp-image-2507\" src=\"https:\/\/erosgustavo.com.br\/wp-content\/uploads\/2020\/03\/Amanda1-253x300.jpg\" alt=\"\" width=\"253\" height=\"300\" \/><\/a><\/p>\n<p><strong>Coordenadora das aulas de Dan\u00e7a:<\/strong><\/p>\n<p><strong>Amanda Beatriz<\/strong><\/p>\n<ul>\n<li>Bailarina<\/li>\n<li>Professora de Ballet e Jazz<\/li>\n<li>Diretora e Propriet\u00e1ria da Leveza Escola de Dan\u00e7as<\/li>\n<\/ul>\n<p><strong>\u00a0 <\/strong><\/p>\n<p>&nbsp;<\/p>\n<p>&nbsp;<\/p>\n<p>&nbsp;<\/p>\n<p>&nbsp;<\/p>\n<p>&nbsp;<\/p>\n<p><strong><a href=\"https:\/\/erosgustavo.com.br\/aulas-de-danca\/taina\/\" rel=\"attachment wp-att-2477\"><img decoding=\"async\" class=\"alignleft size-medium wp-image-2477\" src=\"https:\/\/erosgustavo.com.br\/wp-content\/uploads\/2020\/03\/Tain\u00e1-253x300.jpeg\" alt=\"\" width=\"253\" height=\"300\" \/><\/a>Professora Manh\u00e3:<br \/>\n<\/strong><strong>Tain\u00e1 Pires<\/strong><\/p>\n<ul>\n<li>Graduada em Educa\u00e7\u00e3o F\u00edsica<\/li>\n<li>Professora de Ballet e Jazz<\/li>\n<li>Bailarina desde os 3 anos<\/li>\n<li>Cursou Ballet e Jazz nas escolas como Toute Forme, Pas de Quatre e CEFAR &#8211; Pal\u00e1cio das Artes<\/li>\n<li>Curso de Alongamento e flexibilidade<\/li>\n<li>Curso de Ballet m\u00e9todo Vaganova<\/li>\n<\/ul>\n<p>&nbsp;<\/p>\n<p>&nbsp;<\/p>\n<p>&nbsp;<\/p>\n<p><img decoding=\"async\" class=\"alignleft size-medium wp-image-2476\" src=\"https:\/\/erosgustavo.com.br\/wp-content\/uploads\/2020\/03\/Maristela-253x300.jpeg\" alt=\"\" width=\"253\" height=\"300\" \/><\/p>\n<p style=\"text-align: left;\"><strong>Professora Tarde:<br \/>\nMaristela Loyola<br \/>\n<\/strong><\/p>\n<ul>\n<li>Bailarina desde 2015<\/li>\n<li>Professora de Ballet Cl\u00e1ssico e Jazz<\/li>\n<li>Cursou Ballet e Jazz nas escolas\u00a0Centro de Dan\u00e7a Let\u00edcia Soares, Sinara Fonseca, dentre outros<\/li>\n<\/ul>\n<p>&nbsp;<\/p>\n<p>&nbsp;<\/p>\n<p>&nbsp;<\/p>\n<p>&nbsp;<\/p>\n<p>&nbsp;<\/p>\n<hr \/>\n<p><strong>Ballet (Maternal III ao 1\u00baAno)\u00a0<\/strong><br \/>\n<strong>Dias da Semana:<\/strong>\u00a0Segunda e Quarta-feira<strong><br \/>\nHor\u00e1rio:<\/strong> 17h20 \u00e0s 18h10<\/p>\n<p><strong>Jazz (1\u00ba ao 5\u00baAno)<br \/>\nDias da Semana:<\/strong> Segunda e Quarta-feira<strong><br \/>\nHor\u00e1rios:<\/strong> 11h40 \u00e0s 12h40 ou 18h10 \u00e0s 19h10<br \/>\n<strong>Investimento:\u00a0<\/strong>Mensalidade R$75,00 (+ taxa banc\u00e1ria de emiss\u00e3o de boleto R$5,00)<br \/>\nMatr\u00edcula R$100,00 (Alunos Eros Gustavo tem isen\u00e7\u00e3o de matr\u00edcula)<\/p>\n<hr \/>\n<p><script charset=\"utf-8\" type=\"text\/javascript\" src=\"\/\/js.hsforms.net\/forms\/shell.js\"><\/script><br \/>\n<script>\n  hbspt.forms.create({\n\tportalId: \"3370617\",\n\tformId: \"e44dac1e-b42e-4a38-adc9-5ede075a671f\"\n});\n<\/script><\/p>\n","protected":false},"excerpt":{"rendered":"<p>O\u00a0Ballet\/Jazz exige muita concentra\u00e7\u00e3o, coordena\u00e7\u00e3o e equil\u00edbrio, al\u00e9m disso, desenvolve o bem-estar f\u00edsico e mental,\u00a0pois n\u00e3o \u00e9 s\u00f3 uma\u00a0atividade f\u00edsica\u00a0comum e sim prazerosa. Envolve estimula\u00e7\u00e3o corporal, m\u00fasica e muita divers\u00e3o. Trabalhamos atividades aer\u00f3bicas, com\u00a0resultados de for\u00e7a, flexibilidade, desempenho, f\u00edsico e emocional, como tamb\u00e9m, a socializa\u00e7\u00e3o, e qualidade de vida, que contribuem na forma\u00e7\u00e3o da crian\u00e7a [&hellip;]<\/p>\n","protected":false},"author":3,"featured_media":0,"comment_status":"closed","ping_status":"open","sticky":false,"template":"","format":"standard","meta":{"footnotes":""},"categories":[8],"tags":[],"class_list":["post-2474","post","type-post","status-publish","format-standard","hentry","category-extracurriculares"],"_links":{"self":[{"href":"https:\/\/erosgustavo.com.br\/index.php?rest_route=\/wp\/v2\/posts\/2474","targetHints":{"allow":["GET"]}}],"collection":[{"href":"https:\/\/erosgustavo.com.br\/index.php?rest_route=\/wp\/v2\/posts"}],"about":[{"href":"https:\/\/erosgustavo.com.br\/index.php?rest_route=\/wp\/v2\/types\/post"}],"author":[{"embeddable":true,"href":"https:\/\/erosgustavo.com.br\/index.php?rest_route=\/wp\/v2\/users\/3"}],"replies":[{"embeddable":true,"href":"https:\/\/erosgustavo.com.br\/index.php?rest_route=%2Fwp%2Fv2%2Fcomments&post=2474"}],"version-history":[{"count":12,"href":"https:\/\/erosgustavo.com.br\/index.php?rest_route=\/wp\/v2\/posts\/2474\/revisions"}],"predecessor-version":[{"id":2514,"href":"https:\/\/erosgustavo.com.br\/index.php?rest_route=\/wp\/v2\/posts\/2474\/revisions\/2514"}],"wp:attachment":[{"href":"https:\/\/erosgustavo.com.br\/index.php?rest_route=%2Fwp%2Fv2%2Fmedia&parent=2474"}],"wp:term":[{"taxonomy":"category","embeddable":true,"href":"https:\/\/erosgustavo.com.br\/index.php?rest_route=%2Fwp%2Fv2%2Fcategories&post=2474"},{"taxonomy":"post_tag","embeddable":true,"href":"https:\/\/erosgustavo.com.br\/index.php?rest_route=%2Fwp%2Fv2%2Ftags&post=2474"}],"curies":[{"name":"wp","href":"https:\/\/api.w.org\/{rel}","templated":true}]}}